{"id":9215,"date":"2026-04-15T08:14:01","date_gmt":"2026-04-15T06:14:01","guid":{"rendered":"https:\/\/kresk4oceans.com\/?p=9215"},"modified":"2026-04-28T16:48:49","modified_gmt":"2026-04-28T14:48:49","slug":"makesense-campaign-the-life-of-sea","status":"publish","type":"post","link":"https:\/\/kresk4oceans.com\/en\/makesense-campaign-the-life-of-sea\/","title":{"rendered":"KRESK 4 OCEANS and Make Sense are launching the campaign \u201cThe Life of My Sea\u201d"},"content":{"rendered":"\t\t<div data-elementor-type=\"wp-post\" data-elementor-id=\"9215\" class=\"elementor elementor-9215 elementor-9214\" data-elementor-post-type=\"post\">\n\t\t\t\t<div class=\"elementor-element elementor-element-f7ef7a9 e-grid e-con-boxed e-con e-parent\" data-id=\"f7ef7a9\" data-element_type=\"container\">\n\t\t\t\t\t<div class=\"e-con-inner\">\n\t\t\t\t<div class=\"elementor-element elementor-element-b4b3e03 elementor-widget__width-initial elementor-widget-mobile__width-inherit elementor-widget elementor-widget-image\" data-id=\"b4b3e03\" data-element_type=\"widget\" data-widget_type=\"image.default\">\n\t\t\t\t\t\t\t\t\t\t\t\t\t\t\t<img fetchpriority=\"high\" decoding=\"async\" width=\"1080\" height=\"256\" src=\"https:\/\/kresk4oceans.com\/wp-content\/uploads\/2025\/08\/2025-Logo-K40.png\" class=\"attachment-full size-full wp-image-15\" alt=\"logo Kresk 4 Oceans\" srcset=\"https:\/\/kresk4oceans.com\/wp-content\/uploads\/2025\/08\/2025-Logo-K40.png 1080w, https:\/\/kresk4oceans.com\/wp-content\/uploads\/2025\/08\/2025-Logo-K40-300x71.png 300w, https:\/\/kresk4oceans.com\/wp-content\/uploads\/2025\/08\/2025-Logo-K40-1024x243.png 1024w, https:\/\/kresk4oceans.com\/wp-content\/uploads\/2025\/08\/2025-Logo-K40-768x182.png 768w\" sizes=\"(max-width: 1080px) 100vw, 1080px\" \/>\t\t\t\t\t\t\t\t\t\t\t\t\t\t\t<\/div>\n\t\t\t\t<div class=\"elementor-element elementor-element-e49e110 elementor-widget__width-initial elementor-widget-mobile__width-inherit elementor-widget elementor-widget-image\" data-id=\"e49e110\" data-element_type=\"widget\" data-widget_type=\"image.default\">\n\t\t\t\t\t\t\t\t\t\t\t\t\t\t\t<img decoding=\"async\" width=\"2214\" height=\"1528\" src=\"https:\/\/kresk4oceans.com\/wp-content\/uploads\/2026\/03\/Logo-generation-mer.png\" class=\"attachment-full size-full wp-image-9218\" alt=\"\" srcset=\"https:\/\/kresk4oceans.com\/wp-content\/uploads\/2026\/03\/Logo-generation-mer.png 2214w, https:\/\/kresk4oceans.com\/wp-content\/uploads\/2026\/03\/Logo-generation-mer-300x207.png 300w, https:\/\/kresk4oceans.com\/wp-content\/uploads\/2026\/03\/Logo-generation-mer-1024x707.png 1024w, https:\/\/kresk4oceans.com\/wp-content\/uploads\/2026\/03\/Logo-generation-mer-150x104.png 150w, https:\/\/kresk4oceans.com\/wp-content\/uploads\/2026\/03\/Logo-generation-mer-768x530.png 768w, https:\/\/kresk4oceans.com\/wp-content\/uploads\/2026\/03\/Logo-generation-mer-1536x1060.png 1536w, https:\/\/kresk4oceans.com\/wp-content\/uploads\/2026\/03\/Logo-generation-mer-2048x1413.png 2048w\" sizes=\"(max-width: 2214px) 100vw, 2214px\" \/>\t\t\t\t\t\t\t\t\t\t\t\t\t\t\t<\/div>\n\t\t\t\t<div class=\"elementor-element elementor-element-da56c66 elementor-widget__width-initial elementor-widget-mobile__width-inherit elementor-widget elementor-widget-image\" data-id=\"da56c66\" data-element_type=\"widget\" data-widget_type=\"image.default\">\n\t\t\t\t\t\t\t\t\t\t\t\t\t\t\t<img decoding=\"async\" width=\"683\" height=\"113\" src=\"https:\/\/kresk4oceans.com\/wp-content\/uploads\/2026\/04\/logo-makesense-dark.webp\" class=\"attachment-full size-full wp-image-9239\" alt=\"Logo Make Sense\" srcset=\"https:\/\/kresk4oceans.com\/wp-content\/uploads\/2026\/04\/logo-makesense-dark.webp 683w, https:\/\/kresk4oceans.com\/wp-content\/uploads\/2026\/04\/logo-makesense-dark-300x50.webp 300w, https:\/\/kresk4oceans.com\/wp-content\/uploads\/2026\/04\/logo-makesense-dark-150x25.webp 150w\" sizes=\"(max-width: 683px) 100vw, 683px\" \/>\t\t\t\t\t\t\t\t\t\t\t\t\t\t\t<\/div>\n\t\t\t\t\t<\/div>\n\t\t\t\t<\/div>\n\t\t<div class=\"elementor-element elementor-element-8c45130 e-con-full e-flex e-con e-parent\" data-id=\"8c45130\" data-element_type=\"container\" data-settings=\"{&quot;background_background&quot;:&quot;classic&quot;}\">\n\t\t<div class=\"elementor-element elementor-element-54c5e93 e-con-full e-flex e-con e-child\" data-id=\"54c5e93\" data-element_type=\"container\">\n\t\t\t\t<div class=\"elementor-element elementor-element-25f3131 elementor-widget elementor-widget-image\" data-id=\"25f3131\" data-element_type=\"widget\" data-widget_type=\"image.default\">\n\t\t\t\t\t\t\t\t\t\t\t\t\t\t\t<img loading=\"lazy\" decoding=\"async\" width=\"450\" height=\"301\" src=\"https:\/\/kresk4oceans.com\/wp-content\/uploads\/2026\/04\/la-vie-de-ma-mer-site-internet.png\" class=\"attachment-large size-large wp-image-9264\" alt=\"La vie de ma mer\" srcset=\"https:\/\/kresk4oceans.com\/wp-content\/uploads\/2026\/04\/la-vie-de-ma-mer-site-internet.png 450w, https:\/\/kresk4oceans.com\/wp-content\/uploads\/2026\/04\/la-vie-de-ma-mer-site-internet-300x201.png 300w, https:\/\/kresk4oceans.com\/wp-content\/uploads\/2026\/04\/la-vie-de-ma-mer-site-internet-150x100.png 150w\" sizes=\"(max-width: 450px) 100vw, 450px\" \/>\t\t\t\t\t\t\t\t\t\t\t\t\t\t\t<\/div>\n\t\t\t\t<\/div>\n\t\t\t\t<div class=\"elementor-element elementor-element-696ef88 elementor-widget elementor-widget-text-editor\" data-id=\"696ef88\" data-element_type=\"widget\" data-widget_type=\"text-editor.default\">\n\t\t\t\t\t\t\t\t\t<h2>Inform and debunk the common misconceptions.<\/h2><p>To mobilise and engage young city dwellers in the face of the urgent issue of plastic pollution, KRESK 4 OCEANS is joining forces with committed partners to raise awareness, offer practical solutions for everyday life and inspire action. Entitled \u201cMy Sea\u2019s Life (Plastic-Free) \u201d, this initiative aims to transform the fight against plastic pollution into an accessible, appealing and resolutely action-oriented challenge <strong><b>for 25-40 year-olds<\/b><\/strong>. <span style=\"font-size: 17.6px;\">An awareness campaign will run on social media from 15 April to 15 June 2026.<\/span> <\/p><p><b>The programme offers a range of resources to help you find out more and take action.<\/b><\/p>\t\t\t\t\t\t\t\t<\/div>\n\t\t\t\t<\/div>\n\t\t<div class=\"elementor-element elementor-element-c1d675d e-flex e-con-boxed e-con e-parent\" data-id=\"c1d675d\" data-element_type=\"container\">\n\t\t\t\t\t<div class=\"e-con-inner\">\n\t\t\t\t<div class=\"elementor-element elementor-element-d846957 elementor-widget__width-initial elementor-widget-mobile__width-inherit elementor-widget elementor-widget-text-editor\" data-id=\"d846957\" data-element_type=\"widget\" data-widget_type=\"text-editor.default\">\n\t\t\t\t\t\t\t\t\t<h3>A system multi-channel and immersive<\/h3><p>To reach this generation at the heart of its habits, the campaign will rely on a range of digital and event-based powerful tools:<\/p><ul><li><b>Exclusive content<\/b> produced by the media outlet Chiche.<\/li><li><b>Social media campaigns<\/b> featuring a series of engaging and inspiring posts on Instagram, Facebook and LinkedIn.<\/li><li>Weekly updates via a <b>dedicated newsletter<\/b> to keep you on track.<\/li><li><b>Original and inclusive<\/b> event programming designed to foster connections on the ground.<\/li><li><b>Playlists by theme<\/b> bringing together the best of the content to become an expert on plastic pollution.<\/li><\/ul>\t\t\t\t\t\t\t\t<\/div>\n\t\t\t\t<div class=\"elementor-element elementor-element-356be29 elementor-widget__width-initial elementor-widget elementor-widget-image\" data-id=\"356be29\" data-element_type=\"widget\" data-settings=\"{&quot;motion_fx_motion_fx_scrolling&quot;:&quot;yes&quot;,&quot;motion_fx_translateX_effect&quot;:&quot;yes&quot;,&quot;motion_fx_translateX_speed&quot;:{&quot;unit&quot;:&quot;px&quot;,&quot;size&quot;:0.2,&quot;sizes&quot;:[]},&quot;motion_fx_translateX_affectedRange&quot;:{&quot;unit&quot;:&quot;%&quot;,&quot;size&quot;:&quot;&quot;,&quot;sizes&quot;:{&quot;start&quot;:0,&quot;end&quot;:100}},&quot;motion_fx_devices&quot;:[&quot;desktop&quot;,&quot;tablet&quot;,&quot;mobile&quot;]}\" data-widget_type=\"image.default\">\n\t\t\t\t\t\t\t\t\t\t\t\t\t\t\t<img loading=\"lazy\" decoding=\"async\" width=\"720\" height=\"684\" src=\"https:\/\/kresk4oceans.com\/wp-content\/uploads\/2026\/04\/newsletter-chiche-smartphone.jpg\" class=\"attachment-large size-large wp-image-9249\" alt=\"Newsletter Chiche\" srcset=\"https:\/\/kresk4oceans.com\/wp-content\/uploads\/2026\/04\/newsletter-chiche-smartphone.jpg 720w, https:\/\/kresk4oceans.com\/wp-content\/uploads\/2026\/04\/newsletter-chiche-smartphone-300x285.jpg 300w, https:\/\/kresk4oceans.com\/wp-content\/uploads\/2026\/04\/newsletter-chiche-smartphone-150x143.jpg 150w\" sizes=\"(max-width: 720px) 100vw, 720px\" \/>\t\t\t\t\t\t\t\t\t\t\t\t\t\t\t<\/div>\n\t\t\t\t\t<\/div>\n\t\t\t\t<\/div>\n\t\t<div class=\"elementor-element elementor-element-d96d9ce e-flex e-con-boxed e-con e-parent\" data-id=\"d96d9ce\" data-element_type=\"container\">\n\t\t\t\t\t<div class=\"e-con-inner\">\n\t\t\t\t<div class=\"elementor-element elementor-element-5cadb06 elementor-widget__width-initial elementor-widget-mobile__width-initial elementor-widget elementor-widget-image\" data-id=\"5cadb06\" data-element_type=\"widget\" data-settings=\"{&quot;motion_fx_motion_fx_scrolling&quot;:&quot;yes&quot;,&quot;motion_fx_translateX_effect&quot;:&quot;yes&quot;,&quot;motion_fx_translateX_direction&quot;:&quot;negative&quot;,&quot;motion_fx_translateX_speed&quot;:{&quot;unit&quot;:&quot;px&quot;,&quot;size&quot;:0.2,&quot;sizes&quot;:[]},&quot;motion_fx_translateX_affectedRange&quot;:{&quot;unit&quot;:&quot;%&quot;,&quot;size&quot;:&quot;&quot;,&quot;sizes&quot;:{&quot;start&quot;:0,&quot;end&quot;:100}},&quot;motion_fx_devices&quot;:[&quot;desktop&quot;,&quot;tablet&quot;,&quot;mobile&quot;]}\" data-widget_type=\"image.default\">\n\t\t\t\t\t\t\t\t\t\t\t\t\t\t\t<img loading=\"lazy\" decoding=\"async\" width=\"724\" height=\"1024\" src=\"https:\/\/kresk4oceans.com\/wp-content\/uploads\/2026\/04\/kit-sensibilisation-pollution-ocean.jpg\" class=\"attachment-medium_large size-medium_large wp-image-9276\" alt=\"\" srcset=\"https:\/\/kresk4oceans.com\/wp-content\/uploads\/2026\/04\/kit-sensibilisation-pollution-ocean.jpg 724w, https:\/\/kresk4oceans.com\/wp-content\/uploads\/2026\/04\/kit-sensibilisation-pollution-ocean-212x300.jpg 212w, https:\/\/kresk4oceans.com\/wp-content\/uploads\/2026\/04\/kit-sensibilisation-pollution-ocean-106x150.jpg 106w\" sizes=\"(max-width: 724px) 100vw, 724px\" \/>\t\t\t\t\t\t\t\t\t\t\t\t\t\t\t<\/div>\n\t\t<div class=\"elementor-element elementor-element-349648e e-con-full e-flex e-con e-child\" data-id=\"349648e\" data-element_type=\"container\">\n\t\t\t\t<div class=\"elementor-element elementor-element-5e0c003 elementor-widget elementor-widget-text-editor\" data-id=\"5e0c003\" data-element_type=\"widget\" data-widget_type=\"text-editor.default\">\n\t\t\t\t\t\t\t\t\t<h3>Resources and some inspiring encounters<\/h3><h3><span style=\"color: #316494;\"><span style=\"font-size: 17.6px; font-weight: 400;\">To explore the topic in greater depth, a selection of contents of various kinds has been compiled within the thematic playlist \u2018Life of my sea\u2019. This centralised format allows us to take a tour of the subject in a fun and well-researched way. In addition, an event planning of events with an original twist punctuates the campaign to create spaces spaces for discussion on the ground and bring together a community centred on protecting the Ocean.  <\/span><\/span><\/h3><h3><span style=\"color: #316494; font-size: 17.6px; font-weight: 400;\">Beyond campaign support, KRESK 4 OCEANS took an active part in the updating of the Kit No. 2<\/span> <a style=\"font-size: 17.6px; font-weight: 400; background-color: #ffffff;\" href=\"https:\/\/www.generationmer.org\/wp-content\/uploads\/2026\/01\/Kit-n%C2%B02-Plastique-2026.pdf\" target=\"_blank\" rel=\"noopener\">Kit No. 2 from G\u00e9n\u00e9ration Mer<\/a> <span style=\"color: #316494; font-size: 17.6px; font-weight: 400;\">dedicated to plastic pollution. This educational tool is essential and enables the dissemination of reliable scientific data,<\/span> <span style=\"color: #316494;\"><span style=\"font-size: 17.6px; font-weight: 400;\">various resources<\/span><\/span> <span style=\"color: #316494; font-size: 17.6px; font-weight: 400;\">and some concrete solutions to protect our marine ecosystems and our health.<\/span><\/h3>\t\t\t\t\t\t\t\t<\/div>\n\t\t\t\t<div class=\"elementor-element elementor-element-6bec9ca elementor-widget__width-initial elementor-widget elementor-widget-button\" data-id=\"6bec9ca\" data-element_type=\"widget\" data-widget_type=\"button.default\">\n\t\t\t\t\t\t\t\t\t\t<a class=\"elementor-button elementor-button-link elementor-size-sm\" href=\"https:\/\/chiche.makesense.org\/playlist\/la-vie-de-ma-mer-grand-bleu\" target=\"_blank\">\n\t\t\t\t\t\t<span class=\"elementor-button-content-wrapper\">\n\t\t\t\t\t\t<span class=\"elementor-button-icon\">\n\t\t\t\t<svg aria-hidden=\"true\" class=\"e-font-icon-svg e-fas-caret-right\" viewBox=\"0 0 192 512\" xmlns=\"http:\/\/www.w3.org\/2000\/svg\"><path d=\"M0 384.662V127.338c0-17.818 21.543-26.741 34.142-14.142l128.662 128.662c7.81 7.81 7.81 20.474 0 28.284L34.142 398.804C21.543 411.404 0 402.48 0 384.662z\"><\/path><\/svg>\t\t\t<\/span>\n\t\t\t\t\t\t\t\t\t<span class=\"elementor-button-text\">Visit the website<\/span>\n\t\t\t\t\t<\/span>\n\t\t\t\t\t<\/a>\n\t\t\t\t\t\t\t\t<\/div>\n\t\t\t\t<\/div>\n\t\t\t\t\t<\/div>\n\t\t\t\t<\/div>\n\t\t\t\t<\/div>\n\t\t","protected":false},"excerpt":{"rendered":"<p>In the spring of 2026, the KRESK 4 OCEANS endowment fund is partnering with the MakeSense ecosystem and the G\u00e9n\u00e9ration Mer association to launch a campaign to raise awareness unprecedented in support of the protection of the ocean.<\/p>\n","protected":false},"author":1,"featured_media":9234,"comment_status":"closed","ping_status":"closed","sticky":false,"template":"","format":"standard","meta":{"_acf_changed":false,"footnotes":""},"categories":[46],"tags":[],"class_list":["post-9215","post","type-post","status-publish","format-standard","has-post-thumbnail","hentry","category-news"],"acf":[],"yoast_head":"<!-- This site is optimized with the Yoast SEO plugin v26.9 - https:\/\/yoast.com\/product\/yoast-seo-wordpress\/ -->\n<title>Campaign The Life of My Sea | Make Sense and KRESK 4 OCEANS<\/title>\n<meta name=\"description\" content=\"Du 15 avril au 15 juin 2026, KRESK 4 OCEANS s\u2019associe au mouvement Make Sense et \u00e0 G\u00e9n\u00e9ration Mer pour lancer une campagne de sensibilisation in\u00e9dite.\" \/>\n<meta name=\"robots\" content=\"index, follow, max-snippet:-1, max-image-preview:large, max-video-preview:-1\" \/>\n<link rel=\"canonical\" href=\"https:\/\/kresk4oceans.com\/en\/makesense-campaign-the-life-of-sea\/\" \/>\n<meta property=\"og:locale\" content=\"en_US\" \/>\n<meta property=\"og:type\" content=\"article\" \/>\n<meta property=\"og:title\" content=\"Campaign The Life of My Sea | Make Sense and KRESK 4 OCEANS\" \/>\n<meta property=\"og:description\" content=\"Du 15 avril au 15 juin 2026, KRESK 4 OCEANS s\u2019associe au mouvement Make Sense et \u00e0 G\u00e9n\u00e9ration Mer pour lancer une campagne de sensibilisation in\u00e9dite.\" \/>\n<meta property=\"og:url\" content=\"https:\/\/kresk4oceans.com\/en\/makesense-campaign-the-life-of-sea\/\" \/>\n<meta property=\"og:site_name\" content=\"KRESK 4 OCEANS\" \/>\n<meta property=\"article:published_time\" content=\"2026-04-15T06:14:01+00:00\" \/>\n<meta property=\"article:modified_time\" content=\"2026-04-28T14:48:49+00:00\" \/>\n<meta property=\"og:image\" content=\"https:\/\/kresk4oceans.com\/wp-content\/uploads\/2026\/04\/photo-makesense.jpg\" \/>\n\t<meta property=\"og:image:width\" content=\"1920\" \/>\n\t<meta property=\"og:image:height\" content=\"1080\" \/>\n\t<meta property=\"og:image:type\" content=\"image\/jpeg\" \/>\n<meta name=\"author\" content=\"WPMARC2025\" \/>\n<meta name=\"twitter:card\" content=\"summary_large_image\" \/>\n<meta name=\"twitter:label1\" content=\"Written by\" \/>\n\t<meta name=\"twitter:data1\" content=\"WPMARC2025\" \/>\n\t<meta name=\"twitter:label2\" content=\"Est. reading time\" \/>\n\t<meta name=\"twitter:data2\" content=\"2 minutes\" \/>\n<script type=\"application\/ld+json\" class=\"yoast-schema-graph\">{\"@context\":\"https:\/\/schema.org\",\"@graph\":[{\"@type\":\"Article\",\"@id\":\"https:\/\/kresk4oceans.com\/en\/makesense-campaign-the-life-of-sea\/#article\",\"isPartOf\":{\"@id\":\"https:\/\/kresk4oceans.com\/en\/makesense-campaign-the-life-of-sea\/\"},\"author\":{\"name\":\"WPMARC2025\",\"@id\":\"https:\/\/kresk4oceans.com\/en\/#\/schema\/person\/faf14eb142a2844a8802a2e550ad50dc\"},\"headline\":\"KRESK 4 OCEANS and Make Sense are launching the campaign \u201cThe Life of My Sea\u201d\",\"datePublished\":\"2026-04-15T06:14:01+00:00\",\"dateModified\":\"2026-04-28T14:48:49+00:00\",\"mainEntityOfPage\":{\"@id\":\"https:\/\/kresk4oceans.com\/en\/makesense-campaign-the-life-of-sea\/\"},\"wordCount\":342,\"publisher\":{\"@id\":\"https:\/\/kresk4oceans.com\/en\/#organization\"},\"image\":{\"@id\":\"https:\/\/kresk4oceans.com\/en\/makesense-campaign-the-life-of-sea\/#primaryimage\"},\"thumbnailUrl\":\"https:\/\/kresk4oceans.com\/wp-content\/uploads\/2026\/04\/photo-makesense.jpg\",\"articleSection\":[\"News\"],\"inLanguage\":\"en-US\"},{\"@type\":\"WebPage\",\"@id\":\"https:\/\/kresk4oceans.com\/en\/makesense-campaign-the-life-of-sea\/\",\"url\":\"https:\/\/kresk4oceans.com\/en\/makesense-campaign-the-life-of-sea\/\",\"name\":\"Campaign The Life of My Sea | Make Sense and KRESK 4 OCEANS\",\"isPartOf\":{\"@id\":\"https:\/\/kresk4oceans.com\/en\/#website\"},\"primaryImageOfPage\":{\"@id\":\"https:\/\/kresk4oceans.com\/en\/makesense-campaign-the-life-of-sea\/#primaryimage\"},\"image\":{\"@id\":\"https:\/\/kresk4oceans.com\/en\/makesense-campaign-the-life-of-sea\/#primaryimage\"},\"thumbnailUrl\":\"https:\/\/kresk4oceans.com\/wp-content\/uploads\/2026\/04\/photo-makesense.jpg\",\"datePublished\":\"2026-04-15T06:14:01+00:00\",\"dateModified\":\"2026-04-28T14:48:49+00:00\",\"description\":\"Du 15 avril au 15 juin 2026, KRESK 4 OCEANS s\u2019associe au mouvement Make Sense et \u00e0 G\u00e9n\u00e9ration Mer pour lancer une campagne de sensibilisation in\u00e9dite.\",\"breadcrumb\":{\"@id\":\"https:\/\/kresk4oceans.com\/en\/makesense-campaign-the-life-of-sea\/#breadcrumb\"},\"inLanguage\":\"en-US\",\"potentialAction\":[{\"@type\":\"ReadAction\",\"target\":[\"https:\/\/kresk4oceans.com\/en\/makesense-campaign-the-life-of-sea\/\"]}]},{\"@type\":\"ImageObject\",\"inLanguage\":\"en-US\",\"@id\":\"https:\/\/kresk4oceans.com\/en\/makesense-campaign-the-life-of-sea\/#primaryimage\",\"url\":\"https:\/\/kresk4oceans.com\/wp-content\/uploads\/2026\/04\/photo-makesense.jpg\",\"contentUrl\":\"https:\/\/kresk4oceans.com\/wp-content\/uploads\/2026\/04\/photo-makesense.jpg\",\"width\":1920,\"height\":1080,\"caption\":\"microplastique\"},{\"@type\":\"BreadcrumbList\",\"@id\":\"https:\/\/kresk4oceans.com\/en\/makesense-campaign-the-life-of-sea\/#breadcrumb\",\"itemListElement\":[{\"@type\":\"ListItem\",\"position\":1,\"name\":\"Accueil\",\"item\":\"https:\/\/kresk4oceans.com\/en\/\"},{\"@type\":\"ListItem\",\"position\":2,\"name\":\"KRESK 4 OCEANS and Make Sense are launching the campaign \u201cThe Life of My Sea\u201d\"}]},{\"@type\":\"WebSite\",\"@id\":\"https:\/\/kresk4oceans.com\/en\/#website\",\"url\":\"https:\/\/kresk4oceans.com\/en\/\",\"name\":\"KRESK 4 OCEANS\",\"description\":\"Comprendre et combattre la pollution dans l&#039;oc\u00e9an\",\"publisher\":{\"@id\":\"https:\/\/kresk4oceans.com\/en\/#organization\"},\"potentialAction\":[{\"@type\":\"SearchAction\",\"target\":{\"@type\":\"EntryPoint\",\"urlTemplate\":\"https:\/\/kresk4oceans.com\/en\/?s={search_term_string}\"},\"query-input\":{\"@type\":\"PropertyValueSpecification\",\"valueRequired\":true,\"valueName\":\"search_term_string\"}}],\"inLanguage\":\"en-US\"},{\"@type\":\"Organization\",\"@id\":\"https:\/\/kresk4oceans.com\/en\/#organization\",\"name\":\"KRESK 4 OCEANS\",\"url\":\"https:\/\/kresk4oceans.com\/en\/\",\"logo\":{\"@type\":\"ImageObject\",\"inLanguage\":\"en-US\",\"@id\":\"https:\/\/kresk4oceans.com\/en\/#\/schema\/logo\/image\/\",\"url\":\"https:\/\/kresk4oceans.com\/wp-content\/uploads\/2025\/08\/2025-Logo-K40.png\",\"contentUrl\":\"https:\/\/kresk4oceans.com\/wp-content\/uploads\/2025\/08\/2025-Logo-K40.png\",\"width\":1080,\"height\":256,\"caption\":\"KRESK 4 OCEANS\"},\"image\":{\"@id\":\"https:\/\/kresk4oceans.com\/en\/#\/schema\/logo\/image\/\"}},{\"@type\":\"Person\",\"@id\":\"https:\/\/kresk4oceans.com\/en\/#\/schema\/person\/faf14eb142a2844a8802a2e550ad50dc\",\"name\":\"WPMARC2025\",\"sameAs\":[\"http:\/\/kresk4oceans.com\"]}]}<\/script>\n<!-- \/ Yoast SEO plugin. -->","yoast_head_json":{"title":"Campaign The Life of My Sea | Make Sense and KRESK 4 OCEANS","description":"Du 15 avril au 15 juin 2026, KRESK 4 OCEANS s\u2019associe au mouvement Make Sense et \u00e0 G\u00e9n\u00e9ration Mer pour lancer une campagne de sensibilisation in\u00e9dite.","robots":{"index":"index","follow":"follow","max-snippet":"max-snippet:-1","max-image-preview":"max-image-preview:large","max-video-preview":"max-video-preview:-1"},"canonical":"https:\/\/kresk4oceans.com\/en\/makesense-campaign-the-life-of-sea\/","og_locale":"en_US","og_type":"article","og_title":"Campaign The Life of My Sea | Make Sense and KRESK 4 OCEANS","og_description":"Du 15 avril au 15 juin 2026, KRESK 4 OCEANS s\u2019associe au mouvement Make Sense et \u00e0 G\u00e9n\u00e9ration Mer pour lancer une campagne de sensibilisation in\u00e9dite.","og_url":"https:\/\/kresk4oceans.com\/en\/makesense-campaign-the-life-of-sea\/","og_site_name":"KRESK 4 OCEANS","article_published_time":"2026-04-15T06:14:01+00:00","article_modified_time":"2026-04-28T14:48:49+00:00","og_image":[{"width":1920,"height":1080,"url":"https:\/\/kresk4oceans.com\/wp-content\/uploads\/2026\/04\/photo-makesense.jpg","type":"image\/jpeg"}],"author":"WPMARC2025","twitter_card":"summary_large_image","twitter_misc":{"Written by":"WPMARC2025","Est. reading time":"2 minutes"},"schema":{"@context":"https:\/\/schema.org","@graph":[{"@type":"Article","@id":"https:\/\/kresk4oceans.com\/en\/makesense-campaign-the-life-of-sea\/#article","isPartOf":{"@id":"https:\/\/kresk4oceans.com\/en\/makesense-campaign-the-life-of-sea\/"},"author":{"name":"WPMARC2025","@id":"https:\/\/kresk4oceans.com\/en\/#\/schema\/person\/faf14eb142a2844a8802a2e550ad50dc"},"headline":"KRESK 4 OCEANS and Make Sense are launching the campaign \u201cThe Life of My Sea\u201d","datePublished":"2026-04-15T06:14:01+00:00","dateModified":"2026-04-28T14:48:49+00:00","mainEntityOfPage":{"@id":"https:\/\/kresk4oceans.com\/en\/makesense-campaign-the-life-of-sea\/"},"wordCount":342,"publisher":{"@id":"https:\/\/kresk4oceans.com\/en\/#organization"},"image":{"@id":"https:\/\/kresk4oceans.com\/en\/makesense-campaign-the-life-of-sea\/#primaryimage"},"thumbnailUrl":"https:\/\/kresk4oceans.com\/wp-content\/uploads\/2026\/04\/photo-makesense.jpg","articleSection":["News"],"inLanguage":"en-US"},{"@type":"WebPage","@id":"https:\/\/kresk4oceans.com\/en\/makesense-campaign-the-life-of-sea\/","url":"https:\/\/kresk4oceans.com\/en\/makesense-campaign-the-life-of-sea\/","name":"Campaign The Life of My Sea | Make Sense and KRESK 4 OCEANS","isPartOf":{"@id":"https:\/\/kresk4oceans.com\/en\/#website"},"primaryImageOfPage":{"@id":"https:\/\/kresk4oceans.com\/en\/makesense-campaign-the-life-of-sea\/#primaryimage"},"image":{"@id":"https:\/\/kresk4oceans.com\/en\/makesense-campaign-the-life-of-sea\/#primaryimage"},"thumbnailUrl":"https:\/\/kresk4oceans.com\/wp-content\/uploads\/2026\/04\/photo-makesense.jpg","datePublished":"2026-04-15T06:14:01+00:00","dateModified":"2026-04-28T14:48:49+00:00","description":"Du 15 avril au 15 juin 2026, KRESK 4 OCEANS s\u2019associe au mouvement Make Sense et \u00e0 G\u00e9n\u00e9ration Mer pour lancer une campagne de sensibilisation in\u00e9dite.","breadcrumb":{"@id":"https:\/\/kresk4oceans.com\/en\/makesense-campaign-the-life-of-sea\/#breadcrumb"},"inLanguage":"en-US","potentialAction":[{"@type":"ReadAction","target":["https:\/\/kresk4oceans.com\/en\/makesense-campaign-the-life-of-sea\/"]}]},{"@type":"ImageObject","inLanguage":"en-US","@id":"https:\/\/kresk4oceans.com\/en\/makesense-campaign-the-life-of-sea\/#primaryimage","url":"https:\/\/kresk4oceans.com\/wp-content\/uploads\/2026\/04\/photo-makesense.jpg","contentUrl":"https:\/\/kresk4oceans.com\/wp-content\/uploads\/2026\/04\/photo-makesense.jpg","width":1920,"height":1080,"caption":"microplastique"},{"@type":"BreadcrumbList","@id":"https:\/\/kresk4oceans.com\/en\/makesense-campaign-the-life-of-sea\/#breadcrumb","itemListElement":[{"@type":"ListItem","position":1,"name":"Accueil","item":"https:\/\/kresk4oceans.com\/en\/"},{"@type":"ListItem","position":2,"name":"KRESK 4 OCEANS and Make Sense are launching the campaign \u201cThe Life of My Sea\u201d"}]},{"@type":"WebSite","@id":"https:\/\/kresk4oceans.com\/en\/#website","url":"https:\/\/kresk4oceans.com\/en\/","name":"KRESK 4 OCEANS","description":"Comprendre et combattre la pollution dans l&#039;oc\u00e9an","publisher":{"@id":"https:\/\/kresk4oceans.com\/en\/#organization"},"potentialAction":[{"@type":"SearchAction","target":{"@type":"EntryPoint","urlTemplate":"https:\/\/kresk4oceans.com\/en\/?s={search_term_string}"},"query-input":{"@type":"PropertyValueSpecification","valueRequired":true,"valueName":"search_term_string"}}],"inLanguage":"en-US"},{"@type":"Organization","@id":"https:\/\/kresk4oceans.com\/en\/#organization","name":"KRESK 4 OCEANS","url":"https:\/\/kresk4oceans.com\/en\/","logo":{"@type":"ImageObject","inLanguage":"en-US","@id":"https:\/\/kresk4oceans.com\/en\/#\/schema\/logo\/image\/","url":"https:\/\/kresk4oceans.com\/wp-content\/uploads\/2025\/08\/2025-Logo-K40.png","contentUrl":"https:\/\/kresk4oceans.com\/wp-content\/uploads\/2025\/08\/2025-Logo-K40.png","width":1080,"height":256,"caption":"KRESK 4 OCEANS"},"image":{"@id":"https:\/\/kresk4oceans.com\/en\/#\/schema\/logo\/image\/"}},{"@type":"Person","@id":"https:\/\/kresk4oceans.com\/en\/#\/schema\/person\/faf14eb142a2844a8802a2e550ad50dc","name":"WPMARC2025","sameAs":["http:\/\/kresk4oceans.com"]}]}},"_links":{"self":[{"href":"https:\/\/kresk4oceans.com\/en\/wp-json\/wp\/v2\/posts\/9215","targetHints":{"allow":["GET"]}}],"collection":[{"href":"https:\/\/kresk4oceans.com\/en\/wp-json\/wp\/v2\/posts"}],"about":[{"href":"https:\/\/kresk4oceans.com\/en\/wp-json\/wp\/v2\/types\/post"}],"author":[{"embeddable":true,"href":"https:\/\/kresk4oceans.com\/en\/wp-json\/wp\/v2\/users\/1"}],"replies":[{"embeddable":true,"href":"https:\/\/kresk4oceans.com\/en\/wp-json\/wp\/v2\/comments?post=9215"}],"version-history":[{"count":12,"href":"https:\/\/kresk4oceans.com\/en\/wp-json\/wp\/v2\/posts\/9215\/revisions"}],"predecessor-version":[{"id":9310,"href":"https:\/\/kresk4oceans.com\/en\/wp-json\/wp\/v2\/posts\/9215\/revisions\/9310"}],"wp:featuredmedia":[{"embeddable":true,"href":"https:\/\/kresk4oceans.com\/en\/wp-json\/wp\/v2\/media\/9234"}],"wp:attachment":[{"href":"https:\/\/kresk4oceans.com\/en\/wp-json\/wp\/v2\/media?parent=9215"}],"wp:term":[{"taxonomy":"category","embeddable":true,"href":"https:\/\/kresk4oceans.com\/en\/wp-json\/wp\/v2\/categories?post=9215"},{"taxonomy":"post_tag","embeddable":true,"href":"https:\/\/kresk4oceans.com\/en\/wp-json\/wp\/v2\/tags?post=9215"}],"curies":[{"name":"wp","href":"https:\/\/api.w.org\/{rel}","templated":true}]}}